{"id":1361,"date":"2020-05-13T17:29:01","date_gmt":"2020-05-13T15:29:01","guid":{"rendered":"https:\/\/www.almliebe.com\/blog\/?p=1361"},"modified":"2024-01-10T10:58:47","modified_gmt":"2024-01-10T09:58:47","slug":"drive-in-volksfeste-bier-mandeln-und-stimmung-light","status":"publish","type":"post","link":"https:\/\/www.almliebe.com\/blog\/2020\/05\/drive-in-volksfeste-bier-mandeln-und-stimmung-light\/","title":{"rendered":"Drive-In-Volksfeste: Bier, Mandeln und Stimmung light"},"content":{"rendered":"\n<p>Es ist traurig genug&#8230;.Gerade auch f\u00fcr uns, weil wir als&nbsp;<strong>Trachten-H\u00e4ndler<\/strong>&nbsp;stark auf Feste wie die Wiesn angewiesen sind. Also ein wirklicher Ersatz kann die Idee, die jetzt aus Landshut kommt, keinesfalls sein. Trotzdem genial, finden wir. Beim&nbsp;<strong>Drive-In-Volksfest&nbsp;<\/strong>k\u00f6nnen Trachten- und Traditions-Fans durch ein Festzelt fahren und Hendl und gebrannte Mandeln kaufen. Auf gro\u00dfen Bildschirmen werden Fotos und Videos der letzten Jahre gezeigt. Dazu gibts Musik. Wer mag, kommt nat\u00fcrlich in&nbsp;<strong>Tracht<\/strong>&nbsp;und holt sich neben Essen und Trinken auch einen Hauch&nbsp;<strong>Volksfest-Stimmung<\/strong>&nbsp;ab &#8211; weiter feiern kann man dann zuhause.&nbsp;<\/p>\n\n\n\n<p><strong>Das w\u00e4r doch auch was f\u00fcr die M\u00fcnchner Theresien-Wiese?!<\/strong><\/p>\n","protected":false},"excerpt":{"rendered":"<p>Es ist traurig genug&#8230;.Gerade auch f\u00fcr uns, weil wir als&nbsp;Trachten-H\u00e4ndler&nbsp;stark auf Feste wie die Wiesn angewiesen sind. Also ein wirklicher Ersatz kann die Idee, die jetzt aus Landshut kommt, keinesfalls sein. Trotzdem genial, finden wir. Beim&nbsp;Drive-In-Volksfest&nbsp;k\u00f6nnen Trachten- und Traditions-Fans durch ein Festzelt fahren und Hendl und gebrannte Mandeln kaufen. Auf gro\u00dfen Bildschirmen werden Fotos und Videos der letzten Jahre gezeigt. Dazu gibts Musik. Wer mag, kommt nat\u00fcrlich in&nbsp;Tracht&nbsp;und holt sich neben Essen und Trinken auch einen Hauch&nbsp;Volksfest-Stimmung&nbsp;ab &#8211; weiter feiern kann man dann zuhause.&nbsp; Das w\u00e4r doch auch was f\u00fcr die M\u00fcnchner Theresien-Wiese?!<\/p>\n","protected":false},"author":1,"featured_media":0,"comment_status":"closed","ping_status":"closed","sticky":false,"template":"","format":"standard","meta":{"footnotes":""},"categories":[54],"tags":[151,155,154,152,153],"class_list":["post-1361","post","type-post","status-publish","format-standard","hentry","category-news","tag-driveinvolksfest","tag-gebranntemandeln","tag-hendl","tag-landshut","tag-volksfeststimmung"],"_links":{"self":[{"href":"https:\/\/www.almliebe.com\/blog\/wp-json\/wp\/v2\/posts\/1361","targetHints":{"allow":["GET"]}}],"collection":[{"href":"https:\/\/www.almliebe.com\/blog\/wp-json\/wp\/v2\/posts"}],"about":[{"href":"https:\/\/www.almliebe.com\/blog\/wp-json\/wp\/v2\/types\/post"}],"author":[{"embeddable":true,"href":"https:\/\/www.almliebe.com\/blog\/wp-json\/wp\/v2\/users\/1"}],"replies":[{"embeddable":true,"href":"https:\/\/www.almliebe.com\/blog\/wp-json\/wp\/v2\/comments?post=1361"}],"version-history":[{"count":2,"href":"https:\/\/www.almliebe.com\/blog\/wp-json\/wp\/v2\/posts\/1361\/revisions"}],"predecessor-version":[{"id":1722,"href":"https:\/\/www.almliebe.com\/blog\/wp-json\/wp\/v2\/posts\/1361\/revisions\/1722"}],"wp:attachment":[{"href":"https:\/\/www.almliebe.com\/blog\/wp-json\/wp\/v2\/media?parent=1361"}],"wp:term":[{"taxonomy":"category","embeddable":true,"href":"https:\/\/www.almliebe.com\/blog\/wp-json\/wp\/v2\/categories?post=1361"},{"taxonomy":"post_tag","embeddable":true,"href":"https:\/\/www.almliebe.com\/blog\/wp-json\/wp\/v2\/tags?post=1361"}],"curies":[{"name":"wp","href":"https:\/\/api.w.org\/{rel}","templated":true}]}}