{"id":1919,"date":"2024-08-08T15:56:41","date_gmt":"2024-08-08T13:56:41","guid":{"rendered":"https:\/\/www.almliebe.com\/blog\/?p=1919"},"modified":"2024-08-08T15:59:45","modified_gmt":"2024-08-08T13:59:45","slug":"die-wiesn-trends-2024-by-almliebe","status":"publish","type":"post","link":"https:\/\/www.almliebe.com\/blog\/2024\/08\/die-wiesn-trends-2024-by-almliebe\/","title":{"rendered":"Die Wiesn-Trends 2024 by Almliebe"},"content":{"rendered":"\n<figure class=\"wp-block-image size-large\"><img loading=\"lazy\" decoding=\"async\" width=\"1024\" height=\"680\" src=\"https:\/\/www.almliebe.com\/blog\/wp-content\/uploads\/2024\/08\/Bildschirmfoto-2024-08-05-um-12.35.19-1024x680.png\" alt=\"\" class=\"wp-image-1920\" srcset=\"https:\/\/www.almliebe.com\/blog\/wp-content\/uploads\/2024\/08\/Bildschirmfoto-2024-08-05-um-12.35.19-1024x680.png 1024w, https:\/\/www.almliebe.com\/blog\/wp-content\/uploads\/2024\/08\/Bildschirmfoto-2024-08-05-um-12.35.19-300x199.png 300w, https:\/\/www.almliebe.com\/blog\/wp-content\/uploads\/2024\/08\/Bildschirmfoto-2024-08-05-um-12.35.19-768x510.png 768w, https:\/\/www.almliebe.com\/blog\/wp-content\/uploads\/2024\/08\/Bildschirmfoto-2024-08-05-um-12.35.19-1536x1020.png 1536w, https:\/\/www.almliebe.com\/blog\/wp-content\/uploads\/2024\/08\/Bildschirmfoto-2024-08-05-um-12.35.19-120x80.png 120w, https:\/\/www.almliebe.com\/blog\/wp-content\/uploads\/2024\/08\/Bildschirmfoto-2024-08-05-um-12.35.19-255x170.png 255w, https:\/\/www.almliebe.com\/blog\/wp-content\/uploads\/2024\/08\/Bildschirmfoto-2024-08-05-um-12.35.19-345x230.png 345w, https:\/\/www.almliebe.com\/blog\/wp-content\/uploads\/2024\/08\/Bildschirmfoto-2024-08-05-um-12.35.19.png 1862w\" sizes=\"auto, (max-width: 1024px) 100vw, 1024px\" \/><figcaption>Voll im Trend: das Halbarmdirndl mit leichtem Puff. <a href=\"https:\/\/www.almliebe.com\/halbarm-dirndl-therese-geblumt.html\">Almliebe Dirndl Therese<\/a><\/figcaption><\/figure>\n\n\n\n<p>Die <strong>Volksfest- und Wiesn-Saison 2024<\/strong> steht kurz bevor. Jetzt ist der richtige Zeitpunkt, um sein neues <strong>Wiesn-Outfit<\/strong> zu shoppen. Wir haben schon viele neue Dirndl und Lederhosen unserer Marken <a href=\"https:\/\/www.almliebe.com\/marken\/gottseidank.html\">Gottseidank,<\/a> <a href=\"https:\/\/www.almliebe.com\/marken\/sportalm.html\">Sportalm,<\/a> <a href=\"https:\/\/www.almliebe.com\/marken\/lena-hoschek-rock.html\">Lena Hoschek,<\/a> <a href=\"https:\/\/www.almliebe.com\/marken\/kingamathe.html\">Kinga Mathe,<\/a> <a href=\"https:\/\/www.almliebe.com\/marken\/alpenherz.html\">Alpenherz,<\/a> <a href=\"https:\/\/www.almliebe.com\/marken\/wenger.html\">Wenger,<\/a> <a href=\"https:\/\/www.almliebe.com\/marken\/hammerschmid.html\">Hammerschmid,<\/a> <a href=\"https:\/\/www.almliebe.com\/marken\/alissa.html\">Alissa,<\/a> <a href=\"https:\/\/www.almliebe.com\/marken\/anno-domini-design.html\">Anno Domini,<\/a> <a href=\"https:\/\/www.almliebe.com\/marken\/grasegger.html\">Grasegger,<\/a> <a href=\"https:\/\/www.almliebe.com\/marken\/meindl.html\">Meindl,<\/a> <a href=\"https:\/\/www.almliebe.com\/marken\/ostarrichi.html\">Ostarrichi<\/a> uvm. in unseren L\u00e4den in M\u00fcnchen und Pocking und nat\u00fcrlich online auf <a href=\"http:\/\/www.almliebe.com\">www.almliebe.com<\/a> Auch unsere eigene <strong>Kollektion &#8222;Almliebe&#8220;<\/strong> ist bereits eingetroffen: Halbarmdirndl, hochgeschlossene Dirndl und viele sch\u00f6ne Samt-Modelle, sowie Gilets und l\u00e4ssige Janker f\u00fcr die M\u00e4nner. <\/p>\n\n\n\n<p>Hier stellen wir Euch jetzt exklusiv die <strong>neuesten Wiesn-Trends f\u00fcr 2024<\/strong> vor. Denn auch in der zeitlosen Tracht gibt es immer wieder starke Trends. Bei den Damen wird es sehr festlich und opulent.<a href=\"https:\/\/www.almliebe.com\/damen-tracht-und-mode\/dirndl.html\"> <strong>Samt<\/strong> <\/a>ist ein wichtiges Thema. Und das <strong><a href=\"https:\/\/www.almliebe.com\/damen-tracht-und-mode\/dirndl.html\">Halbarm-Dirndl<\/a><\/strong> ist zur\u00fcck. Mit Ausschnitt oder hochgeschlossen. Die Schulterpartie ist leicht bis stark angepufft. <strong>Puff\u00e4rmel<\/strong> und mehr Volumen kommen auch bei den <a href=\"https:\/\/www.almliebe.com\/damen-tracht-und-mode\/dirndlbluse.html\">Dirndlblusen.<\/a> Hochwertige Jaquard-Stoffe, aufw\u00e4ndige Kn\u00f6pfe oder schm\u00fcckende Charivaris an der Sch\u00fcrze sorgen f\u00fcr den Wow-Effekt!<\/p>\n\n\n\n<p>Bei den Damen variiert der Ausschnitt, die \u00c4rmel und die L\u00e4nge des Dirndls sowie nat\u00fcrlich auch die Materialien und Details. Aber auch bei den <strong>M\u00e4nnern<\/strong> sind jetzt eher <a href=\"https:\/\/www.almliebe.com\/herren-tracht-und-mode\/lederhosen.html\"><strong>helle und graue Lederhosen<\/strong> <\/a>gefragt statt klassische braune. Die kurze Lederhose hat sich durchgesetzt in Kombination mit einem schmalen, hochgeschlossenen <a href=\"https:\/\/www.almliebe.com\/herren-tracht-und-mode\/hemden.html\">Trachtenhemd,<\/a> <strong><a href=\"https:\/\/www.almliebe.com\/herren-tracht-und-mode\/westen.html\">Trachtengilet<\/a><\/strong> und langen <a href=\"https:\/\/www.almliebe.com\/herren-tracht-und-mode\/trachtensocken.html\">Kniestr\u00fcmpfen<\/a> zum klassischen schwarzen <a href=\"https:\/\/www.almliebe.com\/herren-tracht-und-mode\/schuhe.html\">Haferlschuh.<\/a><\/p>\n\n\n\n<p><strong>Trend 1: Samt<\/strong><\/p>\n\n\n\n<figure class=\"wp-block-gallery has-nested-images columns-default is-cropped wp-block-gallery-1 is-layout-flex wp-block-gallery-is-layout-flex\">\n<figure class=\"wp-block-image size-large\"><img loading=\"lazy\" decoding=\"async\" width=\"678\" height=\"1024\" data-id=\"1921\" src=\"https:\/\/www.almliebe.com\/blog\/wp-content\/uploads\/2024\/08\/Bildschirmfoto-2024-08-05-um-12.46.45-678x1024.png\" alt=\"\" class=\"wp-image-1921\" srcset=\"https:\/\/www.almliebe.com\/blog\/wp-content\/uploads\/2024\/08\/Bildschirmfoto-2024-08-05-um-12.46.45-678x1024.png 678w, https:\/\/www.almliebe.com\/blog\/wp-content\/uploads\/2024\/08\/Bildschirmfoto-2024-08-05-um-12.46.45-199x300.png 199w, https:\/\/www.almliebe.com\/blog\/wp-content\/uploads\/2024\/08\/Bildschirmfoto-2024-08-05-um-12.46.45-768x1161.png 768w, https:\/\/www.almliebe.com\/blog\/wp-content\/uploads\/2024\/08\/Bildschirmfoto-2024-08-05-um-12.46.45.png 798w\" sizes=\"auto, (max-width: 678px) 100vw, 678px\" \/><\/figure>\n\n\n\n<figure class=\"wp-block-image size-large\"><a href=\"https:\/\/www.almliebe.com\/samtdirndl-wiesn-wunda-schwarz-gold.html\"><img loading=\"lazy\" decoding=\"async\" width=\"684\" height=\"1024\" data-id=\"1922\" src=\"https:\/\/www.almliebe.com\/blog\/wp-content\/uploads\/2024\/08\/Bildschirmfoto-2024-08-05-um-12.47.20-684x1024.png\" alt=\"\" class=\"wp-image-1922\" srcset=\"https:\/\/www.almliebe.com\/blog\/wp-content\/uploads\/2024\/08\/Bildschirmfoto-2024-08-05-um-12.47.20-684x1024.png 684w, https:\/\/www.almliebe.com\/blog\/wp-content\/uploads\/2024\/08\/Bildschirmfoto-2024-08-05-um-12.47.20-201x300.png 201w, https:\/\/www.almliebe.com\/blog\/wp-content\/uploads\/2024\/08\/Bildschirmfoto-2024-08-05-um-12.47.20-768x1149.png 768w, https:\/\/www.almliebe.com\/blog\/wp-content\/uploads\/2024\/08\/Bildschirmfoto-2024-08-05-um-12.47.20.png 802w\" sizes=\"auto, (max-width: 684px) 100vw, 684px\" \/><\/a><\/figure>\n\n\n\n<figure class=\"wp-block-image size-large\"><img loading=\"lazy\" decoding=\"async\" width=\"682\" height=\"1024\" data-id=\"1923\" src=\"https:\/\/www.almliebe.com\/blog\/wp-content\/uploads\/2024\/08\/Bildschirmfoto-2024-08-05-um-12.47.07-682x1024.png\" alt=\"\" class=\"wp-image-1923\" srcset=\"https:\/\/www.almliebe.com\/blog\/wp-content\/uploads\/2024\/08\/Bildschirmfoto-2024-08-05-um-12.47.07-682x1024.png 682w, https:\/\/www.almliebe.com\/blog\/wp-content\/uploads\/2024\/08\/Bildschirmfoto-2024-08-05-um-12.47.07-200x300.png 200w, https:\/\/www.almliebe.com\/blog\/wp-content\/uploads\/2024\/08\/Bildschirmfoto-2024-08-05-um-12.47.07-768x1154.png 768w, https:\/\/www.almliebe.com\/blog\/wp-content\/uploads\/2024\/08\/Bildschirmfoto-2024-08-05-um-12.47.07.png 804w\" sizes=\"auto, (max-width: 682px) 100vw, 682px\" \/><\/figure>\n<\/figure>\n\n\n\n<p>Auch dieses Jahr ist der <strong>Haupt-Wiesn-Trend <\/strong>Samt. <a href=\"https:\/\/www.almliebe.com\/damen-tracht-und-mode\/dirndl.html\">Samtdirndl <\/a>kommen in jeder Farbe von edlem Olivgr\u00fcn oder Schwarz bis hin zu leuchtendem Fuchsia oder T\u00fcrkis. Die Samtdirndl haben zum Teil einen klassischen Ausschnitt, einen herzf\u00f6rmigen Ausschnitt oder kommen mit einem sehr modernen angepufften Halbarm. Schlichte, unifarbene Samt-Dirndl werden mit aufw\u00e4ndigen <a href=\"https:\/\/www.almliebe.com\/damen-tracht-und-mode\/dirndlbluse.html\">Spitzen-Blusen<\/a> mit Dreiviertelarm und wieder mehr Volumen an Schulter und Arm kombiniert. Unser Almliebe Dirndl <a href=\"https:\/\/www.almliebe.com\/samtdirndl-wiesn-wunda-schwarz-gold.html\">&#8222;Wiesn Wunda&#8220;<\/a> (oben im Bild) kombiniert das schlichte schwarze Samt-MIeder mit einem extravaganten gestreiften Rock und einer edlen gr\u00fcn-goldenen Sch\u00fcrze. Das Almliebe-Dirndl <a href=\"https:\/\/www.almliebe.com\/dirndl-rosen-resli-schwarz.html\">&#8222;Rosen Resi&#8220;<\/a> wird so richtig festlich durch eine schwarze mit rot-pinken Blumen bestickten Samt-Sch\u00fcrze. <\/p>\n\n\n\n<p>Aber auch bei den <a href=\"https:\/\/www.almliebe.com\/herren-tracht-und-mode.html\">M\u00e4nnern<\/a> wird es opulenter. <strong>Samt <\/strong>spielt auch hier eine gr\u00f6\u00dfere Rolle. Zum Beispiel wirken die <a href=\"https:\/\/www.almliebe.com\/trachtenweste-konstantin-a003606-605-schwarzblau.html\">Samt-Gilets <\/a>mit den goldenen Kn\u00f6pfen von Gottseidank sehr festlich und elegant. Grasegger setzt Samt am Kragen und an den Taschen der klassischen Trachten-Janker in Kontrast zum robusten Loden ein. Und auch Almliebe hat zwei <a href=\"https:\/\/www.almliebe.com\/samtweste-ewiger-stenz-schwarz.html\">Samt-Westen<\/a> in Olivgr\u00fcn und Schwarz in der Kollektion. <\/p>\n\n\n\n<p><strong>Trend 2: Halbarm-Dirndl<\/strong><\/p>\n\n\n\n<figure class=\"wp-block-gallery has-nested-images columns-default is-cropped wp-block-gallery-2 is-layout-flex wp-block-gallery-is-layout-flex\">\n<figure class=\"wp-block-image size-large\"><img loading=\"lazy\" decoding=\"async\" width=\"685\" height=\"1024\" data-id=\"1926\" src=\"https:\/\/www.almliebe.com\/blog\/wp-content\/uploads\/2024\/08\/Bildschirmfoto-2024-08-07-um-12.44.35-685x1024.png\" alt=\"\" class=\"wp-image-1926\" srcset=\"https:\/\/www.almliebe.com\/blog\/wp-content\/uploads\/2024\/08\/Bildschirmfoto-2024-08-07-um-12.44.35-685x1024.png 685w, https:\/\/www.almliebe.com\/blog\/wp-content\/uploads\/2024\/08\/Bildschirmfoto-2024-08-07-um-12.44.35-201x300.png 201w, https:\/\/www.almliebe.com\/blog\/wp-content\/uploads\/2024\/08\/Bildschirmfoto-2024-08-07-um-12.44.35-768x1148.png 768w, https:\/\/www.almliebe.com\/blog\/wp-content\/uploads\/2024\/08\/Bildschirmfoto-2024-08-07-um-12.44.35.png 804w\" sizes=\"auto, (max-width: 685px) 100vw, 685px\" \/><\/figure>\n\n\n\n<figure class=\"wp-block-image\"><img decoding=\"async\" src=\"https:\/\/www.almliebe.com\/blog\/wp-content\/uploads\/2024\/08\/Bildschirmfoto-2024-08-07-um-12.46.01-681x1024.png\" alt=\"Dieses Bild hat ein leeres Alt-Attribut. Der Dateiname ist Bildschirmfoto-2024-08-07-um-12.46.01-681x1024.png\"\/><\/figure>\n\n\n\n<figure class=\"wp-block-image size-large\"><img loading=\"lazy\" decoding=\"async\" width=\"680\" height=\"1024\" data-id=\"1927\" src=\"https:\/\/www.almliebe.com\/blog\/wp-content\/uploads\/2024\/08\/Bildschirmfoto-2024-08-07-um-12.45.06-680x1024.png\" alt=\"\" class=\"wp-image-1927\" srcset=\"https:\/\/www.almliebe.com\/blog\/wp-content\/uploads\/2024\/08\/Bildschirmfoto-2024-08-07-um-12.45.06-680x1024.png 680w, https:\/\/www.almliebe.com\/blog\/wp-content\/uploads\/2024\/08\/Bildschirmfoto-2024-08-07-um-12.45.06-199x300.png 199w, https:\/\/www.almliebe.com\/blog\/wp-content\/uploads\/2024\/08\/Bildschirmfoto-2024-08-07-um-12.45.06-768x1156.png 768w, https:\/\/www.almliebe.com\/blog\/wp-content\/uploads\/2024\/08\/Bildschirmfoto-2024-08-07-um-12.45.06.png 800w\" sizes=\"auto, (max-width: 680px) 100vw, 680px\" \/><\/figure>\n<figcaption class=\"blocks-gallery-caption\">Halbarm-Dirndl &#8211; hochgeschlossen oder mit Herz-Ausschnitt sind f\u00fcr die Wiesn 2024 sehr angesagt. <\/figcaption><\/figure>\n\n\n\n<p>Das <a href=\"https:\/\/www.almliebe.com\/damen-tracht-und-mode\/dirndl.html\">\u00c4rmel-Dirndl<\/a> ist zur\u00fcck und wird zur modischen Spitze der <strong>Dirndl-Trends f\u00fcr die Wiesn.<\/strong> Lange Zeit dominierten Dirndl mit klassischem Ausschnitt oder auch hochgeschlossene Dirndl. Jetzt sind die Halbarm-Dirndl zur\u00fcck. Ob hochgeschlossen oder mit herzf\u00f6rmigem Ausschnitt &#8211; das Dirndl mit Arm ist in allen angesagten Kollektionen von <a href=\"https:\/\/www.almliebe.com\/marken\/gottseidank.html\">Gottseidank<\/a> \u00fcber <a href=\"https:\/\/www.almliebe.com\/marken\/almliebe.html\">Almliebe<\/a> bis <a href=\"https:\/\/www.almliebe.com\/marken\/alpenherz.html\">Alpenherz<\/a> zu finden. Das Dirndl kann einen dezenten schmalen Arm haben oder den <strong>modischen Puff-Arm,<\/strong> entweder mit leicht angepuffter Schulter-Partie oder mit richtig Volumen im \u00c4rmel. Zuletzt hat man den Puffarm in den 80er Jahren gesehen. Wer ganz vorn dabei sein will auf der <strong>Wiesn 2024,<\/strong> holt sich ein neues Halbarm-Dirndl, schlicht in Schwarz mit schm\u00fcckendem Charivari wie im Bild oben von <a href=\"https:\/\/www.almliebe.com\/marken\/almliebe.html\">Almliebe.<\/a> Aus Samt von <a href=\"https:\/\/www.almliebe.com\/marken\/gottseidank.html\">Gottseidank<\/a> oder von <a href=\"https:\/\/www.almliebe.com\/marken\/alpenherz.html\">Alpenherz.<\/a> Oder mit auff\u00e4lligen Mustern wie der \u00fcbergro\u00dfe Hahnentritt von <a href=\"https:\/\/www.almliebe.com\/dirndl-mit-puffarm-carolina-k0777-735-bronzegrun.html\">Gottseidank<\/a> oder das Blumenmuster von <a href=\"https:\/\/www.almliebe.com\/marken\/almliebe.html\">Almliebe. <\/a><\/p>\n\n\n\n<p>Eine Alternative in der <strong>Wiesn-Saison 2024<\/strong> sind die neuen <a href=\"https:\/\/www.almliebe.com\/marken\/alpenherz.html\">Dirndl von Alpenherz.<\/a> Der angesagte Fl\u00fcgelarm aus Samt kann ans Dirndl an- oder abgekn\u00f6pft werden. Ein Patent, das sich die Dirndl-Marke aus dem Allg\u00e4u gesichert hat. Der Fl\u00fcgel\u00e4rmel startete letzte Saison schon seinen H\u00f6henflug bei der <a href=\"https:\/\/www.almliebe.com\/damen-tracht-und-mode\/dirndlbluse.html\">Dirndlbluse.<\/a> Auf der Wiesn sah man die modernen \u00fcberschrittenen \u00c4rmel schon, dieses Jahr geht der Trend weiter. Statt Spitze sorgt der Fl\u00fcgelarm f\u00fcr den Neuheits-Effekt. Oder flie\u00dfende Stoffe und mehr Volumen im Arm der Dirndlbluse. Dreiviertel-Arm mit V-Ausschnitt z\u00e4hlt bei der Dirndlbluse zur modischen Spitze. <\/p>\n\n\n\n<p><strong>Trend 3:  Neue L\u00e4nge<\/strong><\/p>\n\n\n\n<figure class=\"wp-block-gallery has-nested-images columns-default is-cropped wp-block-gallery-3 is-layout-flex wp-block-gallery-is-layout-flex\">\n<figure class=\"wp-block-image size-large\"><img loading=\"lazy\" decoding=\"async\" width=\"676\" height=\"1024\" data-id=\"1931\" src=\"https:\/\/www.almliebe.com\/blog\/wp-content\/uploads\/2024\/08\/Bildschirmfoto-2024-08-07-um-13.52.56-676x1024.png\" alt=\"\" class=\"wp-image-1931\" srcset=\"https:\/\/www.almliebe.com\/blog\/wp-content\/uploads\/2024\/08\/Bildschirmfoto-2024-08-07-um-13.52.56-676x1024.png 676w, https:\/\/www.almliebe.com\/blog\/wp-content\/uploads\/2024\/08\/Bildschirmfoto-2024-08-07-um-13.52.56-198x300.png 198w, https:\/\/www.almliebe.com\/blog\/wp-content\/uploads\/2024\/08\/Bildschirmfoto-2024-08-07-um-13.52.56-768x1164.png 768w, https:\/\/www.almliebe.com\/blog\/wp-content\/uploads\/2024\/08\/Bildschirmfoto-2024-08-07-um-13.52.56.png 788w\" sizes=\"auto, (max-width: 676px) 100vw, 676px\" \/><\/figure>\n\n\n\n<figure class=\"wp-block-image size-large\"><img loading=\"lazy\" decoding=\"async\" width=\"679\" height=\"1024\" data-id=\"1929\" src=\"https:\/\/www.almliebe.com\/blog\/wp-content\/uploads\/2024\/08\/Bildschirmfoto-2024-08-07-um-13.54.50-679x1024.png\" alt=\"\" class=\"wp-image-1929\" srcset=\"https:\/\/www.almliebe.com\/blog\/wp-content\/uploads\/2024\/08\/Bildschirmfoto-2024-08-07-um-13.54.50-679x1024.png 679w, https:\/\/www.almliebe.com\/blog\/wp-content\/uploads\/2024\/08\/Bildschirmfoto-2024-08-07-um-13.54.50-199x300.png 199w, https:\/\/www.almliebe.com\/blog\/wp-content\/uploads\/2024\/08\/Bildschirmfoto-2024-08-07-um-13.54.50-768x1159.png 768w, https:\/\/www.almliebe.com\/blog\/wp-content\/uploads\/2024\/08\/Bildschirmfoto-2024-08-07-um-13.54.50.png 798w\" sizes=\"auto, (max-width: 679px) 100vw, 679px\" \/><\/figure>\n\n\n\n<figure class=\"wp-block-image size-large\"><img loading=\"lazy\" decoding=\"async\" width=\"681\" height=\"1024\" data-id=\"1930\" src=\"https:\/\/www.almliebe.com\/blog\/wp-content\/uploads\/2024\/08\/Bildschirmfoto-2024-08-07-um-13.53.23-681x1024.png\" alt=\"\" class=\"wp-image-1930\" srcset=\"https:\/\/www.almliebe.com\/blog\/wp-content\/uploads\/2024\/08\/Bildschirmfoto-2024-08-07-um-13.53.23-681x1024.png 681w, https:\/\/www.almliebe.com\/blog\/wp-content\/uploads\/2024\/08\/Bildschirmfoto-2024-08-07-um-13.53.23-200x300.png 200w, https:\/\/www.almliebe.com\/blog\/wp-content\/uploads\/2024\/08\/Bildschirmfoto-2024-08-07-um-13.53.23-768x1155.png 768w, https:\/\/www.almliebe.com\/blog\/wp-content\/uploads\/2024\/08\/Bildschirmfoto-2024-08-07-um-13.53.23.png 798w\" sizes=\"auto, (max-width: 681px) 100vw, 681px\" \/><\/figure>\n<\/figure>\n\n\n\n<p>Das Dirndl, die \u00fcber dem Knie enden, ein No-Go sind, ist mittlerweile bekannt. Aber der Dirndl-Saum wandert noch weiter nach unten. Lange Zeit galt die Rockl\u00e4nge von 70cm, also knapp unter dem Knie, als Standard. Die M\u00fcnchner Marke Gottseidank f\u00fchrte schon vor Jahren die L\u00e4nge von 75cm ein. Jetzt geht der Trend zur sch\u00f6nen <strong>Midi-L\u00e4nge von 80cm.<\/strong> Alle <a href=\"https:\/\/www.almliebe.com\/marken\/gottseidank.html\">Gottseidank Dirndl<\/a> haben dieses neue, modische L\u00e4nge. Unsere <a href=\"https:\/\/www.almliebe.com\/marken\/almliebe.html\">Almliebe-Kollektio<\/a>n auch. Aber auch viele Modelle von <a href=\"https:\/\/www.almliebe.com\/marken\/sportalm.html\">Sportalm,<\/a> <a href=\"https:\/\/www.almliebe.com\/marken\/kingamathe.html\">Kinga Mathe <\/a>und <a href=\"https:\/\/www.almliebe.com\/marken\/alpenherz.html\">Alpenherz <\/a>setzen auf die neue Dirndl-L\u00e4nge. <\/p>\n\n\n\n<p><strong>Trend 4: Dunkle Farben<\/strong><\/p>\n\n\n\n<figure class=\"wp-block-gallery has-nested-images columns-default is-cropped wp-block-gallery-4 is-layout-flex wp-block-gallery-is-layout-flex\">\n<figure class=\"wp-block-image size-large\"><img loading=\"lazy\" decoding=\"async\" width=\"683\" height=\"1024\" data-id=\"1933\" src=\"https:\/\/www.almliebe.com\/blog\/wp-content\/uploads\/2024\/08\/kinga-dirndl-pamplona-kupfer-4-683x1024.jpeg\" alt=\"\" class=\"wp-image-1933\" srcset=\"https:\/\/www.almliebe.com\/blog\/wp-content\/uploads\/2024\/08\/kinga-dirndl-pamplona-kupfer-4-683x1024.jpeg 683w, https:\/\/www.almliebe.com\/blog\/wp-content\/uploads\/2024\/08\/kinga-dirndl-pamplona-kupfer-4-200x300.jpeg 200w, https:\/\/www.almliebe.com\/blog\/wp-content\/uploads\/2024\/08\/kinga-dirndl-pamplona-kupfer-4-768x1152.jpeg 768w, https:\/\/www.almliebe.com\/blog\/wp-content\/uploads\/2024\/08\/kinga-dirndl-pamplona-kupfer-4.jpeg 800w\" sizes=\"auto, (max-width: 683px) 100vw, 683px\" \/><\/figure>\n\n\n\n<figure class=\"wp-block-image size-large\"><img loading=\"lazy\" decoding=\"async\" width=\"447\" height=\"670\" data-id=\"1934\" src=\"https:\/\/www.almliebe.com\/blog\/wp-content\/uploads\/2024\/08\/gottseidank-dirndl-magda-k0899-3.jpeg\" alt=\"\" class=\"wp-image-1934\" srcset=\"https:\/\/www.almliebe.com\/blog\/wp-content\/uploads\/2024\/08\/gottseidank-dirndl-magda-k0899-3.jpeg 447w, https:\/\/www.almliebe.com\/blog\/wp-content\/uploads\/2024\/08\/gottseidank-dirndl-magda-k0899-3-200x300.jpeg 200w\" sizes=\"auto, (max-width: 447px) 100vw, 447px\" \/><\/figure>\n\n\n\n<figure class=\"wp-block-image size-large\"><img loading=\"lazy\" decoding=\"async\" width=\"447\" height=\"670\" data-id=\"1932\" src=\"https:\/\/www.almliebe.com\/blog\/wp-content\/uploads\/2024\/08\/almliebe-samtdirndl-wiesnwunda-oliv-4.jpeg\" alt=\"\" class=\"wp-image-1932\" srcset=\"https:\/\/www.almliebe.com\/blog\/wp-content\/uploads\/2024\/08\/almliebe-samtdirndl-wiesnwunda-oliv-4.jpeg 447w, https:\/\/www.almliebe.com\/blog\/wp-content\/uploads\/2024\/08\/almliebe-samtdirndl-wiesnwunda-oliv-4-200x300.jpeg 200w\" sizes=\"auto, (max-width: 447px) 100vw, 447px\" \/><\/figure>\n<\/figure>\n\n\n\n<p>Die <strong>Herbst-Kollektionen<\/strong>, die f\u00fcr die Wiesn ab Juli\/August eintreffen, sind immer etwas dunkler als die Dirndl im Fr\u00fchjahr. Diese Wiesn-Saison geht der Trend aber ganz klar zum dunklen und sogar zum schwarzen Dirndl. <strong>Dunkle Farben<\/strong> wie <strong>Schwarz, Oliv, Dunkelblau<\/strong> wirken sehr <strong>edel und festlich<\/strong> und sind somit genau das Richtige f\u00fcr das Highlight der Volksfest-Saison, die Wiesn. <strong>Oliv<\/strong> ist sowieso die Aufsteiger-Farbe schlechthin und l\u00f6st Dunkelblau langsam ab. Manchmal werden die dunklen <strong>Samt-Dirndl<\/strong> mit helleren Sch\u00fcrzen kombiniert, wie ein schwarzes <a href=\"https:\/\/www.almliebe.com\/samtdirndl-stella-schwarz.html\">Samt-Dirndl von Alissa. <\/a>Manchmal kommen sie aber auch Ton-in-Ton oder mit ebenfalls dunklen Sch\u00fcrzen. Es gibt aber auch <strong>farbliche Highlights<\/strong> f\u00fcr alle, die auffallen wollen. Ein kr\u00e4ftiges <a href=\"https:\/\/www.almliebe.com\/samtdirndl-melissa-eukalyptus-2010-5544.html\">Samtdirndl in T\u00fcrkis<\/a> von Alpenherz. Oder ein <a href=\"https:\/\/www.almliebe.com\/samtdirndl-alice-fuchsia.html\">Samtdirndl in leuchtendem Fuchsia<\/a> von Alissa. <\/p>\n\n\n\n<p><strong>Trend 5: Neue Opulenz<\/strong><\/p>\n\n\n\n<figure class=\"wp-block-gallery has-nested-images columns-default is-cropped wp-block-gallery-5 is-layout-flex wp-block-gallery-is-layout-flex\">\n<figure class=\"wp-block-image size-large\"><img loading=\"lazy\" decoding=\"async\" width=\"447\" height=\"670\" data-id=\"1937\" src=\"https:\/\/www.almliebe.com\/blog\/wp-content\/uploads\/2024\/08\/alpenherz-dirndl-mona-schwarz-3.jpeg\" alt=\"\" class=\"wp-image-1937\" srcset=\"https:\/\/www.almliebe.com\/blog\/wp-content\/uploads\/2024\/08\/alpenherz-dirndl-mona-schwarz-3.jpeg 447w, https:\/\/www.almliebe.com\/blog\/wp-content\/uploads\/2024\/08\/alpenherz-dirndl-mona-schwarz-3-200x300.jpeg 200w\" sizes=\"auto, (max-width: 447px) 100vw, 447px\" \/><\/figure>\n\n\n\n<figure class=\"wp-block-image size-large\"><img loading=\"lazy\" decoding=\"async\" width=\"447\" height=\"670\" data-id=\"1938\" src=\"https:\/\/www.almliebe.com\/blog\/wp-content\/uploads\/2024\/08\/gottseidank-dirndl-carolina-k0853-urban-3.jpeg\" alt=\"\" class=\"wp-image-1938\" srcset=\"https:\/\/www.almliebe.com\/blog\/wp-content\/uploads\/2024\/08\/gottseidank-dirndl-carolina-k0853-urban-3.jpeg 447w, https:\/\/www.almliebe.com\/blog\/wp-content\/uploads\/2024\/08\/gottseidank-dirndl-carolina-k0853-urban-3-200x300.jpeg 200w\" sizes=\"auto, (max-width: 447px) 100vw, 447px\" \/><\/figure>\n\n\n\n<figure class=\"wp-block-image size-large\"><img loading=\"lazy\" decoding=\"async\" width=\"447\" height=\"670\" data-id=\"1939\" src=\"https:\/\/www.almliebe.com\/blog\/wp-content\/uploads\/2024\/08\/kinga-dirndl-pamplona-kupfer-4-1.jpeg\" alt=\"\" class=\"wp-image-1939\" srcset=\"https:\/\/www.almliebe.com\/blog\/wp-content\/uploads\/2024\/08\/kinga-dirndl-pamplona-kupfer-4-1.jpeg 447w, https:\/\/www.almliebe.com\/blog\/wp-content\/uploads\/2024\/08\/kinga-dirndl-pamplona-kupfer-4-1-200x300.jpeg 200w\" sizes=\"auto, (max-width: 447px) 100vw, 447px\" \/><\/figure>\n<\/figure>\n\n\n\n<p>Waren die vergangenen Saisons eher gepr\u00e4gt von schlichtem Unterstatement und Ton-in-Ton-Dirndl, kommt jetzt <strong>mehr Opulenz<\/strong> ins Spiel. Ob \u00fcber aufw\u00e4ndig gewebte <strong>Jacquard-Stoffe<\/strong> mit wundersch\u00f6nen <strong>floralen Mustern,<\/strong> <strong>Samt<\/strong> verziert mit<strong> \u00fcppigen Borten<\/strong> (Froschgoscherl) am Ausschnitt, <strong>Schlie\u00dfen aus Gold,<\/strong> Sch\u00fcrzen aus <strong>Organza-Seide<\/strong>, leichtem Schimmer am Mieder oder gro\u00dfe <strong>aufw\u00e4ndige Kn\u00f6pfe. <\/strong>Mehr ist Mehr! <strong>Festlich elegant<\/strong><a href=\"https:\/\/www.almliebe.com\/dirndlbluse-heidi-schwarz.html\"> wird der Wiesn-Look auch durch neue leicht glitzernde Dirndlblusen in Schwarz<\/a> oder <a href=\"https:\/\/www.almliebe.com\/dirndlbluse-kaira-weiss.html\">aufw\u00e4ndigen Lochstickereien.<\/a> Flie\u00dfende Stoffe und mehr Volumen erg\u00e4nzen schmale Dirndlblusen aus Spitze und wirken neu und aufregend. <a href=\"https:\/\/www.almliebe.com\/trachtenjanker-barbara-a003547-999-schwarz.html\">Trachtenblazer aus Samt<\/a> erg\u00e4nzen den edlen Look vor allem bei k\u00fchleren Temperaturen. Auch bei den <strong>M\u00e4nnern <\/strong>darf es ein bisschen auff\u00e4lliger sein. <a href=\"https:\/\/www.almliebe.com\/samtweste-ewiger-stenz-schwarz.html\">Gilets aus Samt in Schwarz<\/a> und Oliv wirken sehr festlich. Und die neuen <a href=\"https:\/\/www.almliebe.com\/herren-tracht-und-mode\/westen.html\">Trachtenwesten<\/a> im Kutscher-Stil mit gro\u00dfen M\u00fcnzen aus Silber oder Gold sorgen f\u00fcr den gro\u00dfen Auftritt auf der Wiesn oder anderen Volksfesten. <\/p>\n\n\n\n<p><strong>Trend 6: Mehr Volumen<\/strong><\/p>\n\n\n\n<figure class=\"wp-block-gallery has-nested-images columns-default is-cropped wp-block-gallery-6 is-layout-flex wp-block-gallery-is-layout-flex\">\n<figure class=\"wp-block-image size-large\"><img loading=\"lazy\" decoding=\"async\" width=\"447\" height=\"670\" data-id=\"1940\" src=\"https:\/\/www.almliebe.com\/blog\/wp-content\/uploads\/2024\/08\/alissa-bluse-lea-a24524-4.jpeg\" alt=\"\" class=\"wp-image-1940\" srcset=\"https:\/\/www.almliebe.com\/blog\/wp-content\/uploads\/2024\/08\/alissa-bluse-lea-a24524-4.jpeg 447w, https:\/\/www.almliebe.com\/blog\/wp-content\/uploads\/2024\/08\/alissa-bluse-lea-a24524-4-200x300.jpeg 200w\" sizes=\"auto, (max-width: 447px) 100vw, 447px\" \/><\/figure>\n\n\n\n<figure class=\"wp-block-image size-large\"><img loading=\"lazy\" decoding=\"async\" width=\"447\" height=\"670\" data-id=\"1941\" src=\"https:\/\/www.almliebe.com\/blog\/wp-content\/uploads\/2024\/08\/kinga-bluse-kaira-4.jpeg\" alt=\"\" class=\"wp-image-1941\" srcset=\"https:\/\/www.almliebe.com\/blog\/wp-content\/uploads\/2024\/08\/kinga-bluse-kaira-4.jpeg 447w, https:\/\/www.almliebe.com\/blog\/wp-content\/uploads\/2024\/08\/kinga-bluse-kaira-4-200x300.jpeg 200w\" sizes=\"auto, (max-width: 447px) 100vw, 447px\" \/><\/figure>\n\n\n\n<figure class=\"wp-block-image size-large\"><img loading=\"lazy\" decoding=\"async\" width=\"447\" height=\"670\" data-id=\"1942\" src=\"https:\/\/www.almliebe.com\/blog\/wp-content\/uploads\/2024\/08\/sportalm-bluse-libby-weiss-1.jpeg\" alt=\"\" class=\"wp-image-1942\" srcset=\"https:\/\/www.almliebe.com\/blog\/wp-content\/uploads\/2024\/08\/sportalm-bluse-libby-weiss-1.jpeg 447w, https:\/\/www.almliebe.com\/blog\/wp-content\/uploads\/2024\/08\/sportalm-bluse-libby-weiss-1-200x300.jpeg 200w\" sizes=\"auto, (max-width: 447px) 100vw, 447px\" \/><\/figure>\n<\/figure>\n\n\n\n<p>Lange Zeit gab es nur noch einen Look bei der <a href=\"https:\/\/www.almliebe.com\/damen-tracht-und-mode\/dirndlbluse.html\">Dirndlbluse:<\/a> feine Spitze, schmaler Arm und meist hochgeschlossen. Doch jetzt ist <strong>Volumen<\/strong> angesagt. Sowohl bei den neuen <strong>Halbarm-Dirndl<\/strong> als auch bei der Dirndlbluse. <strong>Flie\u00dfende Stoffe und mehr Volumen<\/strong> im Arm sorgen f\u00fcr einen ganz neuen <strong>modernen Look.<\/strong> Auch die Schulterpartie darf wieder etwas angepufft sein. Und gro\u00dfz\u00fcgige Lockstickerei l\u00f6st die feine transparente Spitze bei den Dirndlblusen ab. Auch <strong>Mieder und Blazer<\/strong> kommen wieder mit Puffarm und erg\u00e4nzen den Look, den man zuletzt so \u00e4hnlich in den 80ern gesehen hat. <\/p>\n\n\n\n<p><strong>Trend 7: Miesbacher und Kutscher<\/strong><\/p>\n\n\n\n<figure class=\"wp-block-gallery has-nested-images columns-default is-cropped wp-block-gallery-7 is-layout-flex wp-block-gallery-is-layout-flex\">\n<figure class=\"wp-block-image size-large\"><img loading=\"lazy\" decoding=\"async\" width=\"662\" height=\"1024\" data-id=\"1943\" src=\"https:\/\/www.almliebe.com\/blog\/wp-content\/uploads\/2024\/08\/Bildschirmfoto-2024-08-08-um-15.06.07-662x1024.png\" alt=\"\" class=\"wp-image-1943\" srcset=\"https:\/\/www.almliebe.com\/blog\/wp-content\/uploads\/2024\/08\/Bildschirmfoto-2024-08-08-um-15.06.07-662x1024.png 662w, https:\/\/www.almliebe.com\/blog\/wp-content\/uploads\/2024\/08\/Bildschirmfoto-2024-08-08-um-15.06.07-194x300.png 194w, https:\/\/www.almliebe.com\/blog\/wp-content\/uploads\/2024\/08\/Bildschirmfoto-2024-08-08-um-15.06.07-768x1189.png 768w, https:\/\/www.almliebe.com\/blog\/wp-content\/uploads\/2024\/08\/Bildschirmfoto-2024-08-08-um-15.06.07.png 774w\" sizes=\"auto, (max-width: 662px) 100vw, 662px\" \/><\/figure>\n\n\n\n<figure class=\"wp-block-image size-large\"><img loading=\"lazy\" decoding=\"async\" width=\"683\" height=\"1024\" data-id=\"1944\" src=\"https:\/\/www.almliebe.com\/blog\/wp-content\/uploads\/2024\/08\/Bildschirmfoto-2024-08-08-um-15.06.22-683x1024.png\" alt=\"\" class=\"wp-image-1944\" srcset=\"https:\/\/www.almliebe.com\/blog\/wp-content\/uploads\/2024\/08\/Bildschirmfoto-2024-08-08-um-15.06.22-683x1024.png 683w, https:\/\/www.almliebe.com\/blog\/wp-content\/uploads\/2024\/08\/Bildschirmfoto-2024-08-08-um-15.06.22-200x300.png 200w, https:\/\/www.almliebe.com\/blog\/wp-content\/uploads\/2024\/08\/Bildschirmfoto-2024-08-08-um-15.06.22-768x1152.png 768w, https:\/\/www.almliebe.com\/blog\/wp-content\/uploads\/2024\/08\/Bildschirmfoto-2024-08-08-um-15.06.22.png 800w\" sizes=\"auto, (max-width: 683px) 100vw, 683px\" \/><\/figure>\n\n\n\n<figure class=\"wp-block-image size-large\"><img loading=\"lazy\" decoding=\"async\" width=\"681\" height=\"1024\" data-id=\"1945\" src=\"https:\/\/www.almliebe.com\/blog\/wp-content\/uploads\/2024\/08\/Bildschirmfoto-2024-08-08-um-15.07.00-681x1024.png\" alt=\"\" class=\"wp-image-1945\" srcset=\"https:\/\/www.almliebe.com\/blog\/wp-content\/uploads\/2024\/08\/Bildschirmfoto-2024-08-08-um-15.07.00-681x1024.png 681w, https:\/\/www.almliebe.com\/blog\/wp-content\/uploads\/2024\/08\/Bildschirmfoto-2024-08-08-um-15.07.00-200x300.png 200w, https:\/\/www.almliebe.com\/blog\/wp-content\/uploads\/2024\/08\/Bildschirmfoto-2024-08-08-um-15.07.00-768x1155.png 768w, https:\/\/www.almliebe.com\/blog\/wp-content\/uploads\/2024\/08\/Bildschirmfoto-2024-08-08-um-15.07.00.png 802w\" sizes=\"auto, (max-width: 681px) 100vw, 681px\" \/><\/figure>\n<\/figure>\n\n\n\n<p>Bei der <strong><a href=\"https:\/\/www.almliebe.com\/herren-tracht-und-mode.html\">M\u00e4nner-Tracht <\/a><\/strong>hat sich das schmale<a href=\"https:\/\/www.almliebe.com\/herren-tracht-und-mode\/westen.html\"> Gilet,<\/a> also die Trachtenweste, zur kurzen <a href=\"https:\/\/www.almliebe.com\/herren-tracht-und-mode\/lederhosen.html\">Lederhose<\/a> und Hemd l\u00e4ngst durchgesetzt. Die meisten Gilets sind hochgeschlossen mit Stehkragen. Jetzt werden klassische, traditionelle Formen wie das <strong>Miesbacher Gilet <\/strong>oder das <strong>Kutscher-Gilet<\/strong> neu und modern interpretiert. Das <strong>Miesbacher Gilet<\/strong> ist vorne ausgeschnitten (ehemals damit man die verzierten Hosentr\u00e4ger sieht) und wird mit einer Kette aus Silber oder Gold zusammen gehalten. Ganz klassisch kommt sie in einem kr\u00e4ftigen Gr\u00fcn. Jetzt gibt es aber auch Miesbacher in Dunkelblau oder Olivgr\u00fcn. Sie passen perfekt zur hellen, kurzen Lederhose. Das <strong>Kutscher-Gilet <\/strong>kommt urspr\u00fcnglich aus der <strong>Dachauer Region<\/strong> und ist traditionell mit vielen gro\u00dfen M\u00fcnzkn\u00f6pfen verziert. In unserer <a href=\"https:\/\/www.almliebe.com\/marken\/almliebe.html\">Almliebe-Kollektion<\/a> haben wir zwei Kutscher-Gilets in Anthra und mit einem dunklen Gr\u00fcn. Auch <a href=\"https:\/\/www.almliebe.com\/marken\/gottseidank.html\">Gottseidank<\/a> hat neue moderne Kutscher-Gilets herausgebracht mit goldenen oder silbernen M\u00fcnzkn\u00f6pfen.<\/p>\n\n\n\n<p><strong>Trend 8: Helle Lederhosen<\/strong><\/p>\n\n\n\n<figure class=\"wp-block-gallery has-nested-images columns-default is-cropped wp-block-gallery-8 is-layout-flex wp-block-gallery-is-layout-flex\">\n<figure class=\"wp-block-image size-large\"><img loading=\"lazy\" decoding=\"async\" width=\"447\" height=\"670\" data-id=\"1946\" src=\"https:\/\/www.almliebe.com\/blog\/wp-content\/uploads\/2024\/08\/ostarrichi-lederhose-hirsch-ludwig-oliv-2.jpeg\" alt=\"\" class=\"wp-image-1946\" srcset=\"https:\/\/www.almliebe.com\/blog\/wp-content\/uploads\/2024\/08\/ostarrichi-lederhose-hirsch-ludwig-oliv-2.jpeg 447w, https:\/\/www.almliebe.com\/blog\/wp-content\/uploads\/2024\/08\/ostarrichi-lederhose-hirsch-ludwig-oliv-2-200x300.jpeg 200w\" sizes=\"auto, (max-width: 447px) 100vw, 447px\" \/><\/figure>\n\n\n\n<figure class=\"wp-block-image size-large\"><img loading=\"lazy\" decoding=\"async\" width=\"447\" height=\"670\" data-id=\"1947\" src=\"https:\/\/www.almliebe.com\/blog\/wp-content\/uploads\/2024\/08\/ostarrichi-lederhose-weissenberg-safari-3_1.jpeg\" alt=\"\" class=\"wp-image-1947\" srcset=\"https:\/\/www.almliebe.com\/blog\/wp-content\/uploads\/2024\/08\/ostarrichi-lederhose-weissenberg-safari-3_1.jpeg 447w, https:\/\/www.almliebe.com\/blog\/wp-content\/uploads\/2024\/08\/ostarrichi-lederhose-weissenberg-safari-3_1-200x300.jpeg 200w\" sizes=\"auto, (max-width: 447px) 100vw, 447px\" \/><\/figure>\n\n\n\n<figure class=\"wp-block-image size-large\"><img loading=\"lazy\" decoding=\"async\" width=\"447\" height=\"670\" data-id=\"1948\" src=\"https:\/\/www.almliebe.com\/blog\/wp-content\/uploads\/2024\/08\/gottseidank-lederhose-uffing-a004053-esche-1.jpeg\" alt=\"\" class=\"wp-image-1948\" srcset=\"https:\/\/www.almliebe.com\/blog\/wp-content\/uploads\/2024\/08\/gottseidank-lederhose-uffing-a004053-esche-1.jpeg 447w, https:\/\/www.almliebe.com\/blog\/wp-content\/uploads\/2024\/08\/gottseidank-lederhose-uffing-a004053-esche-1-200x300.jpeg 200w\" sizes=\"auto, (max-width: 447px) 100vw, 447px\" \/><\/figure>\n<\/figure>\n\n\n\n<p>Der <strong>Trend zur hellen Lederhose <\/strong>setzt sich fort. Kurz muss die <a href=\"https:\/\/www.almliebe.com\/herren-tracht-und-mode\/lederhosen.html\">Lederhose<\/a> sowieso sein. Aus <strong>Hirsch oder Ziege,<\/strong> das muss jeder selbst entscheiden. Hochwertiger vom Leder und der Verarbeitung ist nat\u00fcrlich das Hirschleder. Aber auch die Ziegenlederhosen kommen heute sehr wertig und edel heraus. Trendsetter hier ist die \u00f6sterreichische Marke <a href=\"https:\/\/www.almliebe.com\/marken\/ostarrichi.html\">Ostarrichi,<\/a> die das Angebot an Ziegenlederhosen in allen Farben und mit unterschiedlichsten Stickereien stark ausgebaut hat. Auch ob <strong>gekn\u00f6pft oder geschn\u00fcrt <\/strong>ist individueller Geschmack. Beides kommt sowohl in \u00d6sterreich und auch Bayern gleicherma\u00dfen vor. <strong>Wichtig ist die Farbe.<\/strong> Statt braunen Lederhosen werden immer mehr Modelle aus hellem Hirsch- oder Ziegenleder nachgefragt. Dabei gibt es verschiedene helle Schattierungen und auch Graut\u00f6ne mischen sich in die Farbpalette. Die Stickereien sind meist dezent gehalten, Ton-in-Ton, Schwarz oder in dezentem Oliv. Das l\u00e4sst viele Kombinations-M\u00f6glichkeiten zu. <\/p>\n\n\n\n<p><strong>Trend 9: Trachtenjanker<\/strong><\/p>\n\n\n\n<figure class=\"wp-block-gallery has-nested-images columns-default is-cropped wp-block-gallery-9 is-layout-flex wp-block-gallery-is-layout-flex\">\n<figure class=\"wp-block-image size-large\"><img loading=\"lazy\" decoding=\"async\" width=\"608\" height=\"918\" data-id=\"1949\" src=\"https:\/\/www.almliebe.com\/blog\/wp-content\/uploads\/2024\/08\/Bildschirmfoto-2024-08-08-um-15.34.19.png\" alt=\"\" class=\"wp-image-1949\" srcset=\"https:\/\/www.almliebe.com\/blog\/wp-content\/uploads\/2024\/08\/Bildschirmfoto-2024-08-08-um-15.34.19.png 608w, https:\/\/www.almliebe.com\/blog\/wp-content\/uploads\/2024\/08\/Bildschirmfoto-2024-08-08-um-15.34.19-199x300.png 199w\" sizes=\"auto, (max-width: 608px) 100vw, 608px\" \/><\/figure>\n\n\n\n<figure class=\"wp-block-image size-large\"><img loading=\"lazy\" decoding=\"async\" width=\"679\" height=\"1024\" data-id=\"1951\" src=\"https:\/\/www.almliebe.com\/blog\/wp-content\/uploads\/2024\/08\/Bildschirmfoto-2024-08-08-um-15.34.04-679x1024.png\" alt=\"\" class=\"wp-image-1951\" srcset=\"https:\/\/www.almliebe.com\/blog\/wp-content\/uploads\/2024\/08\/Bildschirmfoto-2024-08-08-um-15.34.04-679x1024.png 679w, https:\/\/www.almliebe.com\/blog\/wp-content\/uploads\/2024\/08\/Bildschirmfoto-2024-08-08-um-15.34.04-199x300.png 199w, https:\/\/www.almliebe.com\/blog\/wp-content\/uploads\/2024\/08\/Bildschirmfoto-2024-08-08-um-15.34.04-768x1158.png 768w, https:\/\/www.almliebe.com\/blog\/wp-content\/uploads\/2024\/08\/Bildschirmfoto-2024-08-08-um-15.34.04.png 800w\" sizes=\"auto, (max-width: 679px) 100vw, 679px\" \/><\/figure>\n\n\n\n<figure class=\"wp-block-image size-large\"><img loading=\"lazy\" decoding=\"async\" width=\"630\" height=\"950\" data-id=\"1950\" src=\"https:\/\/www.almliebe.com\/blog\/wp-content\/uploads\/2024\/08\/Bildschirmfoto-2024-08-08-um-15.34.49.png\" alt=\"\" class=\"wp-image-1950\" srcset=\"https:\/\/www.almliebe.com\/blog\/wp-content\/uploads\/2024\/08\/Bildschirmfoto-2024-08-08-um-15.34.49.png 630w, https:\/\/www.almliebe.com\/blog\/wp-content\/uploads\/2024\/08\/Bildschirmfoto-2024-08-08-um-15.34.49-199x300.png 199w\" sizes=\"auto, (max-width: 630px) 100vw, 630px\" \/><\/figure>\n<\/figure>\n\n\n\n<p>Auch bei den <strong>M\u00e4nnern<\/strong> wird es angezogener und festlicher in der <strong>Wiesn-Saison 2024.<\/strong> Hat man in den vergangenen Saisons oft noch Gilets mit l\u00e4ssigen <a href=\"https:\/\/www.almliebe.com\/herren-tracht-und-mode\/strickjanker.html\">Strickjankern<\/a> kombiniert, so braucht man heute f\u00fcr festliche Anl\u00e4sse eigentlich auch den traditionellen <a href=\"https:\/\/www.almliebe.com\/herren-tracht-und-mode\/sakkos-janker.html\">Trachtenjanker<\/a> \u00fcber die <a href=\"https:\/\/www.almliebe.com\/herren-tracht-und-mode\/westen.html\">Trachtenweste. <\/a>Besonders schick sind dunkle Janker bzw. Trachtensakkos aus <a href=\"https:\/\/www.almliebe.com\/trachtenjanker-prometheus-blau.html\">Loden mit Samtkragen zum Beispiel von Grasegger.<\/a> Oder die modernen, schmal geschnittenen <a href=\"https:\/\/www.almliebe.com\/herren-tracht-und-mode\/sakkos-janker.html\">Janker von Gottseidank.<\/a> Auch in der <a href=\"https:\/\/www.almliebe.com\/marken\/almliebe.html\">Almliebe-Kollektion <\/a>haben wir ganz neu Lodenjanker in Olivgr\u00fcn und Anthrazit. Und einen schmal geschnittenen, legeren <a href=\"https:\/\/www.almliebe.com\/marken\/almliebe.html\">Walkjanker, <\/a>der zwischen klassischem Janker und rustikaler Strickjacke steht. <\/p>\n\n\n\n<p><strong>Trend 10: Stresemann-Hose<\/strong><\/p>\n\n\n\n<figure class=\"wp-block-gallery has-nested-images columns-default is-cropped wp-block-gallery-10 is-layout-flex wp-block-gallery-is-layout-flex\">\n<figure class=\"wp-block-image size-large\"><img loading=\"lazy\" decoding=\"async\" width=\"602\" height=\"886\" data-id=\"1952\" src=\"https:\/\/www.almliebe.com\/blog\/wp-content\/uploads\/2024\/08\/Bildschirmfoto-2024-08-08-um-15.43.58.png\" alt=\"\" class=\"wp-image-1952\" srcset=\"https:\/\/www.almliebe.com\/blog\/wp-content\/uploads\/2024\/08\/Bildschirmfoto-2024-08-08-um-15.43.58.png 602w, https:\/\/www.almliebe.com\/blog\/wp-content\/uploads\/2024\/08\/Bildschirmfoto-2024-08-08-um-15.43.58-204x300.png 204w\" sizes=\"auto, (max-width: 602px) 100vw, 602px\" \/><\/figure>\n\n\n\n<figure class=\"wp-block-image size-large\"><img loading=\"lazy\" decoding=\"async\" width=\"680\" height=\"1024\" data-id=\"1953\" src=\"https:\/\/www.almliebe.com\/blog\/wp-content\/uploads\/2024\/08\/Bildschirmfoto-2024-08-08-um-15.44.21-680x1024.png\" alt=\"\" class=\"wp-image-1953\" srcset=\"https:\/\/www.almliebe.com\/blog\/wp-content\/uploads\/2024\/08\/Bildschirmfoto-2024-08-08-um-15.44.21-680x1024.png 680w, https:\/\/www.almliebe.com\/blog\/wp-content\/uploads\/2024\/08\/Bildschirmfoto-2024-08-08-um-15.44.21-199x300.png 199w, https:\/\/www.almliebe.com\/blog\/wp-content\/uploads\/2024\/08\/Bildschirmfoto-2024-08-08-um-15.44.21-768x1157.png 768w, https:\/\/www.almliebe.com\/blog\/wp-content\/uploads\/2024\/08\/Bildschirmfoto-2024-08-08-um-15.44.21.png 790w\" sizes=\"auto, (max-width: 680px) 100vw, 680px\" \/><\/figure>\n\n\n\n<figure class=\"wp-block-image size-large\"><img loading=\"lazy\" decoding=\"async\" width=\"684\" height=\"1024\" data-id=\"1954\" src=\"https:\/\/www.almliebe.com\/blog\/wp-content\/uploads\/2024\/08\/Bildschirmfoto-2024-08-08-um-15.44.54-684x1024.png\" alt=\"\" class=\"wp-image-1954\" srcset=\"https:\/\/www.almliebe.com\/blog\/wp-content\/uploads\/2024\/08\/Bildschirmfoto-2024-08-08-um-15.44.54-684x1024.png 684w, https:\/\/www.almliebe.com\/blog\/wp-content\/uploads\/2024\/08\/Bildschirmfoto-2024-08-08-um-15.44.54-201x300.png 201w, https:\/\/www.almliebe.com\/blog\/wp-content\/uploads\/2024\/08\/Bildschirmfoto-2024-08-08-um-15.44.54-768x1149.png 768w, https:\/\/www.almliebe.com\/blog\/wp-content\/uploads\/2024\/08\/Bildschirmfoto-2024-08-08-um-15.44.54.png 802w\" sizes=\"auto, (max-width: 684px) 100vw, 684px\" \/><\/figure>\n<\/figure>\n\n\n\n<p>Nicht nur f\u00fcr Lederhosen-Muffel ist der neue Look geeignet. Mit der traditionellen <a href=\"https:\/\/www.almliebe.com\/herren-tracht-und-mode\/jeans-und-hosen.html\">Stresemann-Hose <\/a>hebt man sich von der Masse ab. Fr\u00fcher und auch jetzt noch am Land wird die <strong>klassische Trachtenhose <\/strong>oft als Anzug, also mit dem passenden Trachtenjanker getragen. J\u00fcnger und moderner wird der Look, wenn man die Stresemann-Hose leger mit <a href=\"https:\/\/www.almliebe.com\/herren-tracht-und-mode\/strickjanker.html\">Strickjanker <\/a>oder einfach einem coolen <a href=\"https:\/\/www.almliebe.com\/herren-tracht-und-mode\/hemden.html\">Leinenhemd<\/a> kombiniert. Auf vielen bayerischen Musik-Festivals und bei kleineren Trachten-Festen sieht man meist junge Burschen mit der klassischen Hose, manchmal mit, manchmal ohne Hosentr\u00e4ger. Will man die Trachtenhose fest-tauglich machen, tr\u00e4gt man einfach ein hochgeschlossenes Gilet oder eine Miesbacher Weste dazu. <strong>Die Alternative zur Lederhose! <\/strong><\/p>\n","protected":false},"excerpt":{"rendered":"<p>Voll im Trend: das Halbarmdirndl mit leichtem Puff. Almliebe Dirndl Therese Die Volksfest- und Wiesn-Saison 2024 steht kurz bevor. Jetzt ist der richtige Zeitpunkt, um sein neues Wiesn-Outfit zu shoppen. Wir haben schon viele neue Dirndl und Lederhosen unserer Marken Gottseidank, Sportalm, Lena Hoschek, Kinga Mathe, Alpenherz, Wenger, Hammerschmid, Alissa, Anno Domini, Grasegger, Meindl, Ostarrichi uvm. in unseren L\u00e4den in M\u00fcnchen und Pocking und nat\u00fcrlich online auf www.almliebe.com Auch unsere eigene Kollektion &#8222;Almliebe&#8220; ist bereits eingetroffen: Halbarmdirndl, hochgeschlossene Dirndl und viele sch\u00f6ne Samt-Modelle, sowie Gilets und l\u00e4ssige Janker f\u00fcr die M\u00e4nner. Hier stellen wir Euch jetzt exklusiv die neuesten Wiesn-Trends f\u00fcr 2024 vor. Denn auch in der zeitlosen Tracht gibt es immer wieder starke Trends. Bei den Damen wird es sehr festlich und opulent. Samt ist ein wichtiges Thema. Und das Halbarm-Dirndl ist zur\u00fcck. Mit Ausschnitt oder hochgeschlossen. Die Schulterpartie ist leicht bis stark angepufft. Puff\u00e4rmel und mehr Volumen kommen auch bei den Dirndlblusen. Hochwertige Jaquard-Stoffe, aufw\u00e4ndige Kn\u00f6pfe oder schm\u00fcckende Charivaris an der Sch\u00fcrze sorgen f\u00fcr den Wow-Effekt! Bei den Damen variiert der Ausschnitt, die \u00c4rmel und die L\u00e4nge des Dirndls sowie nat\u00fcrlich auch die Materialien und Details. Aber auch bei den M\u00e4nnern sind jetzt eher helle und graue Lederhosen gefragt statt klassische braune. Die kurze Lederhose hat sich durchgesetzt in Kombination mit einem schmalen, hochgeschlossenen Trachtenhemd, Trachtengilet und langen Kniestr\u00fcmpfen zum klassischen schwarzen Haferlschuh. Trend 1: Samt Auch dieses Jahr ist der Haupt-Wiesn-Trend Samt. Samtdirndl kommen in jeder Farbe von edlem Olivgr\u00fcn oder Schwarz bis hin zu leuchtendem Fuchsia oder T\u00fcrkis. Die Samtdirndl haben zum Teil einen klassischen Ausschnitt, einen herzf\u00f6rmigen Ausschnitt oder kommen mit einem sehr modernen angepufften Halbarm. Schlichte, unifarbene Samt-Dirndl werden mit aufw\u00e4ndigen Spitzen-Blusen mit Dreiviertelarm und wieder mehr Volumen an Schulter und Arm kombiniert. Unser Almliebe Dirndl &#8222;Wiesn Wunda&#8220; (oben im Bild) kombiniert das schlichte schwarze Samt-MIeder mit einem extravaganten gestreiften Rock und einer edlen gr\u00fcn-goldenen Sch\u00fcrze. Das Almliebe-Dirndl &#8222;Rosen Resi&#8220; wird so richtig festlich durch eine schwarze mit rot-pinken Blumen bestickten Samt-Sch\u00fcrze. Aber auch bei den M\u00e4nnern wird es opulenter. Samt spielt auch hier eine gr\u00f6\u00dfere Rolle. Zum Beispiel wirken die Samt-Gilets mit den goldenen Kn\u00f6pfen von Gottseidank sehr festlich und elegant. Grasegger setzt Samt am Kragen und an den Taschen der klassischen Trachten-Janker in Kontrast zum robusten Loden ein. Und auch Almliebe hat zwei Samt-Westen in Olivgr\u00fcn und Schwarz in der Kollektion. Trend 2: Halbarm-Dirndl Halbarm-Dirndl &#8211; hochgeschlossen oder mit Herz-Ausschnitt sind f\u00fcr die Wiesn 2024 sehr angesagt. Das \u00c4rmel-Dirndl ist zur\u00fcck und wird zur modischen Spitze der Dirndl-Trends f\u00fcr die Wiesn. Lange Zeit dominierten Dirndl mit klassischem Ausschnitt oder auch hochgeschlossene Dirndl. Jetzt sind die Halbarm-Dirndl zur\u00fcck. Ob hochgeschlossen oder mit herzf\u00f6rmigem Ausschnitt &#8211; das Dirndl mit Arm ist in allen angesagten Kollektionen von Gottseidank \u00fcber Almliebe bis Alpenherz zu finden. Das Dirndl kann einen dezenten schmalen Arm haben oder den modischen Puff-Arm, entweder mit leicht angepuffter Schulter-Partie oder mit richtig Volumen im \u00c4rmel. Zuletzt hat man den Puffarm in den 80er Jahren gesehen. Wer ganz vorn dabei sein will auf der Wiesn 2024, holt sich ein neues Halbarm-Dirndl, schlicht in Schwarz mit schm\u00fcckendem Charivari wie im Bild oben von Almliebe. Aus Samt von Gottseidank oder von Alpenherz. Oder mit auff\u00e4lligen Mustern wie der \u00fcbergro\u00dfe Hahnentritt von Gottseidank oder das Blumenmuster von Almliebe. Eine Alternative in der Wiesn-Saison 2024 sind die neuen Dirndl von Alpenherz. Der angesagte Fl\u00fcgelarm aus Samt kann ans Dirndl an- oder abgekn\u00f6pft werden. Ein Patent, das sich die Dirndl-Marke aus dem Allg\u00e4u gesichert hat. Der Fl\u00fcgel\u00e4rmel startete letzte Saison schon seinen H\u00f6henflug bei der Dirndlbluse. Auf der Wiesn sah man die modernen \u00fcberschrittenen \u00c4rmel schon, dieses Jahr geht der Trend weiter. Statt Spitze sorgt der Fl\u00fcgelarm f\u00fcr den Neuheits-Effekt. Oder flie\u00dfende Stoffe und mehr Volumen im Arm der Dirndlbluse. Dreiviertel-Arm mit V-Ausschnitt z\u00e4hlt bei der Dirndlbluse zur modischen Spitze. Trend 3: Neue L\u00e4nge Das Dirndl, die \u00fcber dem Knie enden, ein No-Go sind, ist mittlerweile bekannt. Aber der Dirndl-Saum wandert noch weiter nach unten. Lange Zeit galt die Rockl\u00e4nge von 70cm, also knapp unter dem Knie, als Standard. Die M\u00fcnchner Marke Gottseidank f\u00fchrte schon vor Jahren die L\u00e4nge von 75cm ein. Jetzt geht der Trend zur sch\u00f6nen Midi-L\u00e4nge von 80cm. Alle Gottseidank Dirndl haben dieses neue, modische L\u00e4nge. Unsere Almliebe-Kollektion auch. Aber auch viele Modelle von Sportalm, Kinga Mathe und Alpenherz setzen auf die neue Dirndl-L\u00e4nge. Trend 4: Dunkle Farben Die Herbst-Kollektionen, die f\u00fcr die Wiesn ab Juli\/August eintreffen, sind immer etwas dunkler als die Dirndl im Fr\u00fchjahr. Diese Wiesn-Saison geht der Trend aber ganz klar zum dunklen und sogar zum schwarzen Dirndl. Dunkle Farben wie Schwarz, Oliv, Dunkelblau wirken sehr edel und festlich und sind somit genau das Richtige f\u00fcr das Highlight der Volksfest-Saison, die Wiesn. Oliv ist sowieso die Aufsteiger-Farbe schlechthin und l\u00f6st Dunkelblau langsam ab. Manchmal werden die dunklen Samt-Dirndl mit helleren Sch\u00fcrzen kombiniert, wie ein schwarzes Samt-Dirndl von Alissa. Manchmal kommen sie aber auch Ton-in-Ton oder mit ebenfalls dunklen Sch\u00fcrzen. Es gibt aber auch farbliche Highlights f\u00fcr alle, die auffallen wollen. Ein kr\u00e4ftiges Samtdirndl in T\u00fcrkis von Alpenherz. Oder ein Samtdirndl in leuchtendem Fuchsia von Alissa. Trend 5: Neue Opulenz Waren die vergangenen Saisons eher gepr\u00e4gt von schlichtem Unterstatement und Ton-in-Ton-Dirndl, kommt jetzt mehr Opulenz ins Spiel. Ob \u00fcber aufw\u00e4ndig gewebte Jacquard-Stoffe mit wundersch\u00f6nen floralen Mustern, Samt verziert mit \u00fcppigen Borten (Froschgoscherl) am Ausschnitt, Schlie\u00dfen aus Gold, Sch\u00fcrzen aus Organza-Seide, leichtem Schimmer am Mieder oder gro\u00dfe aufw\u00e4ndige Kn\u00f6pfe. Mehr ist Mehr! Festlich elegant wird der Wiesn-Look auch durch neue leicht glitzernde Dirndlblusen in Schwarz oder aufw\u00e4ndigen Lochstickereien. Flie\u00dfende Stoffe und mehr Volumen erg\u00e4nzen schmale Dirndlblusen aus Spitze und wirken neu und aufregend. Trachtenblazer aus Samt erg\u00e4nzen den edlen Look vor allem bei k\u00fchleren Temperaturen. Auch bei den M\u00e4nnern darf es ein bisschen auff\u00e4lliger sein. Gilets aus Samt in Schwarz und Oliv wirken sehr festlich. Und die neuen Trachtenwesten im Kutscher-Stil mit gro\u00dfen M\u00fcnzen aus Silber oder Gold sorgen f\u00fcr den gro\u00dfen Auftritt auf der Wiesn oder anderen Volksfesten. Trend 6: Mehr Volumen Lange Zeit gab es nur noch einen Look bei der Dirndlbluse:&#8230;<\/p>\n","protected":false},"author":1,"featured_media":1920,"comment_status":"closed","ping_status":"closed","sticky":false,"template":"","format":"standard","meta":{"footnotes":""},"categories":[1],"tags":[259,237,274],"class_list":["post-1919","post","type-post","status-publish","format-standard","has-post-thumbnail","hentry","category-allgemein","tag-trachten-trends","tag-wiesn-trends-2","tag-wiesn2024"],"_links":{"self":[{"href":"https:\/\/www.almliebe.com\/blog\/wp-json\/wp\/v2\/posts\/1919","targetHints":{"allow":["GET"]}}],"collection":[{"href":"https:\/\/www.almliebe.com\/blog\/wp-json\/wp\/v2\/posts"}],"about":[{"href":"https:\/\/www.almliebe.com\/blog\/wp-json\/wp\/v2\/types\/post"}],"author":[{"embeddable":true,"href":"https:\/\/www.almliebe.com\/blog\/wp-json\/wp\/v2\/users\/1"}],"replies":[{"embeddable":true,"href":"https:\/\/www.almliebe.com\/blog\/wp-json\/wp\/v2\/comments?post=1919"}],"version-history":[{"count":5,"href":"https:\/\/www.almliebe.com\/blog\/wp-json\/wp\/v2\/posts\/1919\/revisions"}],"predecessor-version":[{"id":1955,"href":"https:\/\/www.almliebe.com\/blog\/wp-json\/wp\/v2\/posts\/1919\/revisions\/1955"}],"wp:featuredmedia":[{"embeddable":true,"href":"https:\/\/www.almliebe.com\/blog\/wp-json\/wp\/v2\/media\/1920"}],"wp:attachment":[{"href":"https:\/\/www.almliebe.com\/blog\/wp-json\/wp\/v2\/media?parent=1919"}],"wp:term":[{"taxonomy":"category","embeddable":true,"href":"https:\/\/www.almliebe.com\/blog\/wp-json\/wp\/v2\/categories?post=1919"},{"taxonomy":"post_tag","embeddable":true,"href":"https:\/\/www.almliebe.com\/blog\/wp-json\/wp\/v2\/tags?post=1919"}],"curies":[{"name":"wp","href":"https:\/\/api.w.org\/{rel}","templated":true}]}}