{"id":52,"date":"2013-08-21T11:37:43","date_gmt":"2013-08-21T18:37:43","guid":{"rendered":"http:\/\/almliebe.tumblr.com\/post\/58933214190"},"modified":"2018-03-10T22:07:22","modified_gmt":"2018-03-10T21:07:22","slug":"almliebe-fashion-show","status":"publish","type":"post","link":"https:\/\/www.almliebe.com\/blog\/2013\/08\/almliebe-fashion-show\/","title":{"rendered":"Almliebe Fashion Show"},"content":{"rendered":"<p><img loading=\"lazy\" decoding=\"async\" class=\"alignnone size-full wp-image-355\" src=\"https:\/\/www.almliebe.com\/blog\/wp-content\/uploads\/2013\/08\/almliebe-fashion-show-2013.png\" alt=\"Almliebe Fashio Show 2013\" width=\"401\" height=\"396\" srcset=\"https:\/\/www.almliebe.com\/blog\/wp-content\/uploads\/2013\/08\/almliebe-fashion-show-2013.png 401w, https:\/\/www.almliebe.com\/blog\/wp-content\/uploads\/2013\/08\/almliebe-fashion-show-2013-300x296.png 300w\" sizes=\"auto, (max-width: 401px) 100vw, 401px\" \/><\/p>\n<p>Wow, war das eine Modenschau! Sehr progressiv f\u00fcr die Trachten-Branche. Aber wir hoffen, Euch hat\u2019s gefallen! Besonderen Dank noch an die Jungs von H\u00fcttenzound, die unsere traditionellen Gew\u00e4nder in modernsten Sound verpackt haben, obwohl sie aus Stuttgart mit ihren Alph\u00f6rnern unterwegs waren. Auf dem Laufsteg aus alten Landwirtschafts-Anh\u00e4ngern wirkten unsere Dirndl u.a. von Anno Domini, Gottseidank, Melega, die Lederhosen von Meindl, Wiesn-K\u00f6nig und Almsach, sowie die Janker von Liebling, Zaubermasche und My Herzallerliebst besonders authentisch! So, jetzt kann die Wiesn bzw. die Fest-Saison kommen!<\/p>\n","protected":false},"excerpt":{"rendered":"<p>Wow, war das eine Modenschau! Sehr progressiv f\u00fcr die Trachten-Branche. Aber wir hoffen, Euch hat\u2019s gefallen! Besonderen Dank noch an die Jungs von H\u00fcttenzound, die unsere traditionellen Gew\u00e4nder in modernsten Sound verpackt haben, obwohl sie aus Stuttgart mit ihren Alph\u00f6rnern unterwegs waren. Auf dem Laufsteg aus alten Landwirtschafts-Anh\u00e4ngern wirkten unsere Dirndl u.a. von Anno Domini, Gottseidank, Melega, die Lederhosen von Meindl, Wiesn-K\u00f6nig und Almsach, sowie die Janker von Liebling, Zaubermasche und My Herzallerliebst besonders authentisch! So, jetzt kann die Wiesn bzw. die Fest-Saison kommen!<\/p>\n","protected":false},"author":1,"featured_media":355,"comment_status":"closed","ping_status":"closed","sticky":false,"template":"","format":"standard","meta":{"footnotes":""},"categories":[53,47],"tags":[16,14],"class_list":["post-52","post","type-post","status-publish","format-standard","has-post-thumbnail","hentry","category-presse","category-tracht","tag-feste","tag-outfits"],"_links":{"self":[{"href":"https:\/\/www.almliebe.com\/blog\/wp-json\/wp\/v2\/posts\/52","targetHints":{"allow":["GET"]}}],"collection":[{"href":"https:\/\/www.almliebe.com\/blog\/wp-json\/wp\/v2\/posts"}],"about":[{"href":"https:\/\/www.almliebe.com\/blog\/wp-json\/wp\/v2\/types\/post"}],"author":[{"embeddable":true,"href":"https:\/\/www.almliebe.com\/blog\/wp-json\/wp\/v2\/users\/1"}],"replies":[{"embeddable":true,"href":"https:\/\/www.almliebe.com\/blog\/wp-json\/wp\/v2\/comments?post=52"}],"version-history":[{"count":2,"href":"https:\/\/www.almliebe.com\/blog\/wp-json\/wp\/v2\/posts\/52\/revisions"}],"predecessor-version":[{"id":356,"href":"https:\/\/www.almliebe.com\/blog\/wp-json\/wp\/v2\/posts\/52\/revisions\/356"}],"wp:featuredmedia":[{"embeddable":true,"href":"https:\/\/www.almliebe.com\/blog\/wp-json\/wp\/v2\/media\/355"}],"wp:attachment":[{"href":"https:\/\/www.almliebe.com\/blog\/wp-json\/wp\/v2\/media?parent=52"}],"wp:term":[{"taxonomy":"category","embeddable":true,"href":"https:\/\/www.almliebe.com\/blog\/wp-json\/wp\/v2\/categories?post=52"},{"taxonomy":"post_tag","embeddable":true,"href":"https:\/\/www.almliebe.com\/blog\/wp-json\/wp\/v2\/tags?post=52"}],"curies":[{"name":"wp","href":"https:\/\/api.w.org\/{rel}","templated":true}]}}