{"id":66,"date":"2012-08-29T00:14:56","date_gmt":"2012-08-29T07:14:56","guid":{"rendered":"http:\/\/almliebe.tumblr.com\/post\/30442468378"},"modified":"2018-04-03T12:40:50","modified_gmt":"2018-04-03T10:40:50","slug":"ein-traum-aus-cashmere","status":"publish","type":"post","link":"https:\/\/www.almliebe.com\/blog\/2012\/08\/ein-traum-aus-cashmere\/","title":{"rendered":"Ein Traum aus Cashmere!"},"content":{"rendered":"<p>Ich wei\u00df, ich hab den Strickjanker von My Herzallerliebst schon einmal gepostet. Aber nach der Salzburger Tracht&amp;Country Messe am Wochenende, die die Trends f\u00fcr Fr\u00fchjahr\/Sommer 2013 pr\u00e4sentierte, muss ich es einfach noch einmal tun. Farbe, Farbe, Farbe &#8211; lautet der Haupttrend f\u00fcr die n\u00e4chste Saison. Ich hatte in Salzburg meinen Cashmere-Janker in Rot an und wurde mehrmals darauf angesprochen. Eine Dame hat sogar sofort am Abend den Janker in unserem Shop <a href=\"http:\/\/www.almliebe.com\" target=\"_blank\" rel=\"noopener\">www.almliebe.com<\/a> bestellt. Er ist zwar zugegebenerma\u00dfen nicht ganz billig. Aber es ist ein Liebhaber-Teil, das man ewig hat und nie wieder hergeben will. Egal ob in k\u00fchlen Sommern\u00e4chten oder an kalten Herbsttagen. Die superweiche Strickjacke verbindet optimal Tradition und Mode! Wir freuen uns schon auf die neuen Farben!<\/p>\n<p><img loading=\"lazy\" decoding=\"async\" class=\"alignnone size-full wp-image-505\" src=\"https:\/\/www.almliebe.com\/blog\/wp-content\/uploads\/2012\/08\/ein-traum-aus-cashmere.jpg\" alt=\"Ein Traum aus Cashmere\" width=\"500\" height=\"615\" srcset=\"https:\/\/www.almliebe.com\/blog\/wp-content\/uploads\/2012\/08\/ein-traum-aus-cashmere.jpg 500w, https:\/\/www.almliebe.com\/blog\/wp-content\/uploads\/2012\/08\/ein-traum-aus-cashmere-244x300.jpg 244w\" sizes=\"auto, (max-width: 500px) 100vw, 500px\" \/><\/p>\n","protected":false},"excerpt":{"rendered":"<p>Ich wei\u00df, ich hab den Strickjanker von My Herzallerliebst schon einmal gepostet. Aber nach der Salzburger Tracht&amp;Country Messe am Wochenende, die die Trends f\u00fcr Fr\u00fchjahr\/Sommer 2013 pr\u00e4sentierte, muss ich es einfach noch einmal tun. Farbe, Farbe, Farbe &#8211; lautet der Haupttrend f\u00fcr die n\u00e4chste Saison. Ich hatte in Salzburg meinen Cashmere-Janker in Rot an und wurde mehrmals darauf angesprochen. Eine Dame hat sogar sofort am Abend den Janker in unserem Shop www.almliebe.com bestellt. Er ist zwar zugegebenerma\u00dfen nicht ganz billig. Aber es ist ein Liebhaber-Teil, das man ewig hat und nie wieder hergeben will. Egal ob in k\u00fchlen Sommern\u00e4chten oder an kalten Herbsttagen. Die superweiche Strickjacke verbindet optimal Tradition und Mode! Wir freuen uns schon auf die neuen Farben!<\/p>\n","protected":false},"author":1,"featured_media":505,"comment_status":"closed","ping_status":"closed","sticky":false,"template":"","format":"standard","meta":{"footnotes":""},"categories":[54,47],"tags":[13,14],"class_list":["post-66","post","type-post","status-publish","format-standard","has-post-thumbnail","hentry","category-news","category-tracht","tag-marken","tag-outfits"],"_links":{"self":[{"href":"https:\/\/www.almliebe.com\/blog\/wp-json\/wp\/v2\/posts\/66","targetHints":{"allow":["GET"]}}],"collection":[{"href":"https:\/\/www.almliebe.com\/blog\/wp-json\/wp\/v2\/posts"}],"about":[{"href":"https:\/\/www.almliebe.com\/blog\/wp-json\/wp\/v2\/types\/post"}],"author":[{"embeddable":true,"href":"https:\/\/www.almliebe.com\/blog\/wp-json\/wp\/v2\/users\/1"}],"replies":[{"embeddable":true,"href":"https:\/\/www.almliebe.com\/blog\/wp-json\/wp\/v2\/comments?post=66"}],"version-history":[{"count":2,"href":"https:\/\/www.almliebe.com\/blog\/wp-json\/wp\/v2\/posts\/66\/revisions"}],"predecessor-version":[{"id":506,"href":"https:\/\/www.almliebe.com\/blog\/wp-json\/wp\/v2\/posts\/66\/revisions\/506"}],"wp:featuredmedia":[{"embeddable":true,"href":"https:\/\/www.almliebe.com\/blog\/wp-json\/wp\/v2\/media\/505"}],"wp:attachment":[{"href":"https:\/\/www.almliebe.com\/blog\/wp-json\/wp\/v2\/media?parent=66"}],"wp:term":[{"taxonomy":"category","embeddable":true,"href":"https:\/\/www.almliebe.com\/blog\/wp-json\/wp\/v2\/categories?post=66"},{"taxonomy":"post_tag","embeddable":true,"href":"https:\/\/www.almliebe.com\/blog\/wp-json\/wp\/v2\/tags?post=66"}],"curies":[{"name":"wp","href":"https:\/\/api.w.org\/{rel}","templated":true}]}}